{"id":3494,"date":"2017-02-27T12:14:35","date_gmt":"2017-02-27T11:14:35","guid":{"rendered":"http:\/\/arestilandantza.com\/wordpress_b\/?p=3494"},"modified":"2020-07-03T14:41:29","modified_gmt":"2020-07-03T12:41:29","slug":"zorinak-ma-jose-bayon","status":"publish","type":"post","link":"https:\/\/arestilandantza.com\/wordpress_b\/zorinak-ma-jose-bayon\/","title":{"rendered":"ZORINAK M\u00aa JOS\u00c9 BAY\u00d3N"},"content":{"rendered":"<h1 style=\"text-align: left;\">&nbsp;M\u00aa Jos\u00e9 Bay\u00f3n profesora, de Dantza Eskola Andoni Aresti,<\/h1>\n<h1><span style=\"color: #000000; font-family: Calibri;\">Primer premio en categor\u00eda absoluta en danza experimental.<\/span><\/h1>\n<h1><span style=\"color: #000000; font-family: Calibri;\">Primer premio en la categor\u00eda absoluta (mayores de 18) en danza urbana.<\/span><\/h1>\n<p><img loading=\"lazy\" decoding=\"async\" class=\"wp-image-3496 size-full\" src=\"http:\/\/arestilandantza.com\/wordpress_b\/wp-content\/uploads\/2017\/02\/2017-02-23-PHOTO-00000029.jpg\" width=\"924\" height=\"1078\" srcset=\"https:\/\/arestilandantza.com\/wordpress_b\/wp-content\/uploads\/2017\/02\/2017-02-23-PHOTO-00000029.jpg 924w, https:\/\/arestilandantza.com\/wordpress_b\/wp-content\/uploads\/2017\/02\/2017-02-23-PHOTO-00000029-257x300.jpg 257w, https:\/\/arestilandantza.com\/wordpress_b\/wp-content\/uploads\/2017\/02\/2017-02-23-PHOTO-00000029-768x896.jpg 768w, https:\/\/arestilandantza.com\/wordpress_b\/wp-content\/uploads\/2017\/02\/2017-02-23-PHOTO-00000029-878x1024.jpg 878w\" sizes=\"auto, (max-width: 924px) 100vw, 924px\" \/><\/p>\n<p>&nbsp;<\/p>\n<p><img loading=\"lazy\" decoding=\"async\" class=\"size-full wp-image-3495\" src=\"http:\/\/arestilandantza.com\/wordpress_b\/wp-content\/uploads\/2017\/02\/2017-02-23-PHOTO-00000028.jpg\" alt=\"\" width=\"1080\" height=\"680\" srcset=\"https:\/\/arestilandantza.com\/wordpress_b\/wp-content\/uploads\/2017\/02\/2017-02-23-PHOTO-00000028.jpg 1080w, https:\/\/arestilandantza.com\/wordpress_b\/wp-content\/uploads\/2017\/02\/2017-02-23-PHOTO-00000028-1024x645-300x188.jpg 300w, https:\/\/arestilandantza.com\/wordpress_b\/wp-content\/uploads\/2017\/02\/2017-02-23-PHOTO-00000028-768x484.jpg 768w, https:\/\/arestilandantza.com\/wordpress_b\/wp-content\/uploads\/2017\/02\/2017-02-23-PHOTO-00000028-1024x645.jpg 1024w, https:\/\/arestilandantza.com\/wordpress_b\/wp-content\/uploads\/2017\/02\/2017-02-23-PHOTO-00000028-1024x645-978x616.jpg 978w, https:\/\/arestilandantza.com\/wordpress_b\/wp-content\/uploads\/2017\/02\/2017-02-23-PHOTO-00000028-1024x645-100x62.jpg 100w, https:\/\/arestilandantza.com\/wordpress_b\/wp-content\/uploads\/2017\/02\/2017-02-23-PHOTO-00000028-1024x645-120x75.jpg 120w, https:\/\/arestilandantza.com\/wordpress_b\/wp-content\/uploads\/2017\/02\/2017-02-23-PHOTO-00000028-1024x645-200x125.jpg 200w, https:\/\/arestilandantza.com\/wordpress_b\/wp-content\/uploads\/2017\/02\/2017-02-23-PHOTO-00000028-1024x645-250x157.jpg 250w, https:\/\/arestilandantza.com\/wordpress_b\/wp-content\/uploads\/2017\/02\/2017-02-23-PHOTO-00000028-1024x645-150x94.jpg 150w\" sizes=\"auto, (max-width: 1080px) 100vw, 1080px\" \/><br>\n<span style=\"color: #000000; font-family: Calibri;\">&nbsp;<\/span><\/p>\n\n<!-- wp:themify-builder\/canvas \/-->","protected":false},"excerpt":{"rendered":"<p>&nbsp;M\u00aa Jos\u00e9 Bay\u00f3n profesora, de Dantza Eskola Andoni Aresti, Primer premio en categor\u00eda absoluta en danza experimental. Primer premio en la categor\u00eda absoluta (mayores de 18) en danza urbana. &nbsp; &nbsp;<\/p>\n","protected":false},"author":1,"featured_media":3495,"comment_status":"open","ping_status":"open","sticky":false,"template":"","format":"standard","meta":{"footnotes":""},"categories":[20],"tags":[],"class_list":["post-3494","post","type-post","status-publish","format-standard","has-post-thumbnail","hentry","category-actualidad-en-la-academia","has-post-title","has-post-date","has-post-category","has-post-tag","has-post-comment","has-post-author",""],"builder_content":"","_links":{"self":[{"href":"https:\/\/arestilandantza.com\/wordpress_b\/wp-json\/wp\/v2\/posts\/3494","targetHints":{"allow":["GET"]}}],"collection":[{"href":"https:\/\/arestilandantza.com\/wordpress_b\/wp-json\/wp\/v2\/posts"}],"about":[{"href":"https:\/\/arestilandantza.com\/wordpress_b\/wp-json\/wp\/v2\/types\/post"}],"author":[{"embeddable":true,"href":"https:\/\/arestilandantza.com\/wordpress_b\/wp-json\/wp\/v2\/users\/1"}],"replies":[{"embeddable":true,"href":"https:\/\/arestilandantza.com\/wordpress_b\/wp-json\/wp\/v2\/comments?post=3494"}],"version-history":[{"count":12,"href":"https:\/\/arestilandantza.com\/wordpress_b\/wp-json\/wp\/v2\/posts\/3494\/revisions"}],"predecessor-version":[{"id":4709,"href":"https:\/\/arestilandantza.com\/wordpress_b\/wp-json\/wp\/v2\/posts\/3494\/revisions\/4709"}],"wp:featuredmedia":[{"embeddable":true,"href":"https:\/\/arestilandantza.com\/wordpress_b\/wp-json\/wp\/v2\/media\/3495"}],"wp:attachment":[{"href":"https:\/\/arestilandantza.com\/wordpress_b\/wp-json\/wp\/v2\/media?parent=3494"}],"wp:term":[{"taxonomy":"category","embeddable":true,"href":"https:\/\/arestilandantza.com\/wordpress_b\/wp-json\/wp\/v2\/categories?post=3494"},{"taxonomy":"post_tag","embeddable":true,"href":"https:\/\/arestilandantza.com\/wordpress_b\/wp-json\/wp\/v2\/tags?post=3494"}],"curies":[{"name":"wp","href":"https:\/\/api.w.org\/{rel}","templated":true}]}}